{"id":81,"date":"2019-09-07T14:14:34","date_gmt":"2019-09-07T14:14:34","guid":{"rendered":"http:\/\/www.mamasenudila.cz\/?p=81"},"modified":"2019-09-08T09:26:39","modified_gmt":"2019-09-08T09:26:39","slug":"sonberk-riesling-2015-v-o-c","status":"publish","type":"post","link":"http:\/\/www.mamasenudila.cz\/index.php\/2019\/09\/07\/sonberk-riesling-2015-v-o-c\/","title":{"rendered":"Sonberk &#8211; Riesling 2015 V.O.C."},"content":{"rendered":"\n<p>Potom, \u010do som vo vinot\u00e9ke k\u00fapil na oslavu svojich naroden\u00edn mimo in\u00e9 <a href=\"http:\/\/www.sonberk.cz\/cs\/vina\/137-sauvignon-2018.html\" target=\"_blank\" rel=\"noreferrer noopener\" aria-label=\" (opens in a new tab)\">tento chutn\u00fd a svie\u017ei Sauvignon<\/a> rozhodol som sa, \u017ee mus\u00edm ochutna\u0165 ich vlajkov\u00fa lo\u010f, a to <a href=\"https:\/\/www.alkohol.cz\/produkty\/sonberk-riesling-v-o-c-2015-0-75l-13-5-12318\/\" target=\"_blank\" rel=\"noreferrer noopener\" aria-label=\" (opens in a new tab)\"> Riesling z vini\u010dnej trate Sonberk (obec Popice) z roku 2015, V.O.C.<\/a> (\u017ee ide o V.O.C. p\u00ed\u0161em iba kv\u00f4li tomu, \u017ee to je na etikete, samotn\u00e1 t\u00e1to skratka ni\u010d nevypoved\u00e1 o kvalite v\u00edna, hoci to tak vyzer\u00e1), ktor\u00fd u\u017e na ich webe nie je dostupn\u00fd.<!--more Pokra\u010dova\u0165 na \u010dl\u00e1nok--><\/p>\n\n<p>No a mus\u00edm poveda\u0165, \u017ee hoci napr\u00edklad mojim rodi\u010dom chutil, ja som bol sklaman\u00fd. Pocitovo sa mi zdalo v tomto v\u00edne dos\u0165 zbytkov\u00e9ho cukru (hoci sa jedn\u00e1 o such\u00e9 v\u00edno a cukru tam zas to\u013eko nie je &#8211; 3,9g\/l) a akosi mi nesadlo. Ale m\u00e1m e\u0161te jednu f\u013ea\u0161ku, tak\u017ee po jej vypit\u00ed aktualizujem tento post.<\/p>\n\n<p>Ka\u017edop\u00e1dne v Sonberku maj\u00fa ur\u010dite ve\u013ea \u010do pon\u00faknu\u0165. Napr\u00edklad tak\u00fdto v\u00fdh\u013ead:<\/p>\n\n\n\n<figure class=\"wp-block-image\"><img loading=\"lazy\" width=\"1024\" height=\"576\" src=\"http:\/\/www.mamasenudila.cz\/wp-content\/uploads\/2019\/09\/DSC_1228-1024x576.jpg\" alt=\"\" class=\"wp-image-87\" srcset=\"http:\/\/www.mamasenudila.cz\/wp-content\/uploads\/2019\/09\/DSC_1228-1024x576.jpg 1024w, http:\/\/www.mamasenudila.cz\/wp-content\/uploads\/2019\/09\/DSC_1228-300x169.jpg 300w, http:\/\/www.mamasenudila.cz\/wp-content\/uploads\/2019\/09\/DSC_1228-768x432.jpg 768w\" sizes=\"(max-width: 1024px) 100vw, 1024px\" \/><figcaption>Pomal\u0161ia obsluha (nutn\u00e9 podotkn\u00fa\u0165, \u017ee tam bolo ve\u013ea \u013eud\u00ed) ma viedla k objednaniu dvoch vzoriek naraz<\/figcaption><\/figure>\n\n\n\n<p>Z pon\u00fakan\u00fdch v\u00edn ma zaujalo cuv\u00e9e S\u00e9millon\/Sauvignon, 2015, a Chardonnay&amp;Pinot gris, 2016, z barrikov\u00e9ho sudu, ktor\u00fd dal tomuto v\u00ednu pod\u013ea m\u00f4jho n\u00e1zoru kr\u00e1snu v\u00f4\u0148u, ktor\u00e1 v\u0161ak nepotla\u010dovala ostatn\u00e9 v\u00f4ne.<\/p>\n\n\n\n<p>Nakoniec prid\u00e1m e\u0161te fotku vinn\u00e9ho l\u00edstku:<\/p>\n\n\n\n<figure class=\"wp-block-image\"><img loading=\"lazy\" width=\"915\" height=\"1024\" src=\"http:\/\/www.mamasenudila.cz\/wp-content\/uploads\/2019\/09\/DSC_1227-1-915x1024.jpg\" alt=\"\" class=\"wp-image-89\" srcset=\"http:\/\/www.mamasenudila.cz\/wp-content\/uploads\/2019\/09\/DSC_1227-1-915x1024.jpg 915w, http:\/\/www.mamasenudila.cz\/wp-content\/uploads\/2019\/09\/DSC_1227-1-268x300.jpg 268w, http:\/\/www.mamasenudila.cz\/wp-content\/uploads\/2019\/09\/DSC_1227-1-768x859.jpg 768w\" sizes=\"(max-width: 915px) 100vw, 915px\" \/><\/figure>\n","protected":false},"excerpt":{"rendered":"<p>Potom, \u010do som vo vinot\u00e9ke k\u00fapil na oslavu svojich naroden\u00edn mimo in\u00e9 tento chutn\u00fd a svie\u017ei Sauvignon rozhodol som sa, \u017ee mus\u00edm ochutna\u0165 ich vlajkov\u00fa lo\u010f, a to Riesling z vini\u010dnej trate Sonberk (obec Popice) z roku 2015, V.O.C. (\u017ee ide o V.O.C. p\u00ed\u0161em iba kv\u00f4li tomu, \u017ee to je na etikete, samotn\u00e1 t\u00e1to skratka [&hellip;]<\/p>\n","protected":false},"author":1,"featured_media":0,"comment_status":"closed","ping_status":"closed","sticky":false,"template":"","format":"standard","meta":[],"categories":[10],"tags":[],"_links":{"self":[{"href":"http:\/\/www.mamasenudila.cz\/index.php\/wp-json\/wp\/v2\/posts\/81"}],"collection":[{"href":"http:\/\/www.mamasenudila.cz\/index.php\/wp-json\/wp\/v2\/posts"}],"about":[{"href":"http:\/\/www.mamasenudila.cz\/index.php\/wp-json\/wp\/v2\/types\/post"}],"author":[{"embeddable":true,"href":"http:\/\/www.mamasenudila.cz\/index.php\/wp-json\/wp\/v2\/users\/1"}],"replies":[{"embeddable":true,"href":"http:\/\/www.mamasenudila.cz\/index.php\/wp-json\/wp\/v2\/comments?post=81"}],"version-history":[{"count":7,"href":"http:\/\/www.mamasenudila.cz\/index.php\/wp-json\/wp\/v2\/posts\/81\/revisions"}],"predecessor-version":[{"id":113,"href":"http:\/\/www.mamasenudila.cz\/index.php\/wp-json\/wp\/v2\/posts\/81\/revisions\/113"}],"wp:attachment":[{"href":"http:\/\/www.mamasenudila.cz\/index.php\/wp-json\/wp\/v2\/media?parent=81"}],"wp:term":[{"taxonomy":"category","embeddable":true,"href":"http:\/\/www.mamasenudila.cz\/index.php\/wp-json\/wp\/v2\/categories?post=81"},{"taxonomy":"post_tag","embeddable":true,"href":"http:\/\/www.mamasenudila.cz\/index.php\/wp-json\/wp\/v2\/tags?post=81"}],"curies":[{"name":"wp","href":"https:\/\/api.w.org\/{rel}","templated":true}]}}