{"id":241,"date":"2022-07-07T16:12:07","date_gmt":"2022-07-07T14:12:07","guid":{"rendered":"http:\/\/www.mamasenudila.cz\/?p=241"},"modified":"2022-07-07T16:15:16","modified_gmt":"2022-07-07T14:15:16","slug":"skvele-datle-zo-zapadnej-banky","status":"publish","type":"post","link":"http:\/\/www.mamasenudila.cz\/index.php\/2022\/07\/07\/skvele-datle-zo-zapadnej-banky\/","title":{"rendered":"Skvel\u00e9 \u010fatle zo Z\u00e1padnej banky"},"content":{"rendered":"\n<p>E\u0161te pred Vianocami som si k\u00fapil skvel\u00e9 \u010fatle a tak som sa pozrel na obal, odkia\u013e\u017ee poch\u00e1dzaj\u00fa: <!--more Pokra\u010dova\u0165 na \u010dl\u00e1nok--><\/p>\n\n\n\n<figure class=\"wp-block-image size-full\"><a href=\"http:\/\/www.mamasenudila.cz\/wp-content\/uploads\/2022\/07\/DSC_2458-1.jpg\"><img loading=\"lazy\" width=\"969\" height=\"820\" src=\"http:\/\/www.mamasenudila.cz\/wp-content\/uploads\/2022\/07\/DSC_2458-1.jpg\" alt=\"\" class=\"wp-image-249\" srcset=\"http:\/\/www.mamasenudila.cz\/wp-content\/uploads\/2022\/07\/DSC_2458-1.jpg 969w, http:\/\/www.mamasenudila.cz\/wp-content\/uploads\/2022\/07\/DSC_2458-1-300x254.jpg 300w, http:\/\/www.mamasenudila.cz\/wp-content\/uploads\/2022\/07\/DSC_2458-1-768x650.jpg 768w\" sizes=\"(max-width: 969px) 100vw, 969px\" \/><\/a><\/figure>\n\n\n\n<p>A tak vraj zo &#8220;z\u00e1padnej banky&#8221;! Niekto sa asi musel ve\u013emi pon\u00e1h\u013ea\u0165 ak West Bank, u n\u00e1s ozna\u010dovan\u00fd ako Z\u00e1padn\u00fd breh Jord\u00e1nu, prelo\u017eil ako &#8220;z\u00e1padn\u00ed banka&#8221;. Z\u00e1padn\u00fd breh Jord\u00e1nu je jedn\u00fdm z Palest\u00ednsk\u00fdch \u00fazem\u00ed (druh\u00fdm je Gaza, ktor\u00e1 je asi viac v povedom\u00ed, ke\u010f\u017ee je problematickej\u0161ia; paradoxne sa v\u0161ak do Gazy ako turista nedostanete, zatia\u013e\u010do nieko\u013eko-n\u00e1sobne v\u00e4\u010d\u0161\u00ed Z\u00e1padn\u00fd breh je viac menej pohodov\u00e1 destin\u00e1cia a ve\u013emi ve\u013ea turistov tam zav\u00edta aspo\u0148 do Betleh\u00e9mu). No a e\u0161te pre\u010do sa to vol\u00e1 Z\u00e1padn\u00fd breh Jord\u00e1nu (\u010do som ako mal\u00fd nech\u00e1pal). Je to preto, \u017ee na hraniciach medzi t\u00fdmto \u00fazem\u00edm a Jord\u00e1nskom pretek\u00e1 sl\u00e1vna rieka Jord\u00e1n (prinajmen\u0161om na niektor\u00fdch miestach je honosn\u00e9 ju naz\u00fdva\u0165 riekou) a teda toto \u00fazemie sa nach\u00e1dza na z\u00e1padnom brehu rieky Jord\u00e1n. Jord\u00e1nsko by sa teda rovnakou logikou mohlo premenova\u0165 na V\u00fdchodn\u00fd breh Jord\u00e1nu. Tu je mapka (\u010derven\u00e1 \u0161\u00edpka = hranica po ktorej te\u010die rieka Jord\u00e1n):<\/p>\n\n\n\n<figure class=\"wp-block-image size-large\"><a href=\"http:\/\/www.mamasenudila.cz\/wp-content\/uploads\/2022\/07\/1b_basic_map_w_-countries.jpg\"><img loading=\"lazy\" width=\"512\" height=\"1024\" src=\"http:\/\/www.mamasenudila.cz\/wp-content\/uploads\/2022\/07\/1b_basic_map_w_-countries-512x1024.jpg\" alt=\"\" class=\"wp-image-245\" srcset=\"http:\/\/www.mamasenudila.cz\/wp-content\/uploads\/2022\/07\/1b_basic_map_w_-countries-512x1024.jpg 512w, http:\/\/www.mamasenudila.cz\/wp-content\/uploads\/2022\/07\/1b_basic_map_w_-countries-150x300.jpg 150w, http:\/\/www.mamasenudila.cz\/wp-content\/uploads\/2022\/07\/1b_basic_map_w_-countries-768x1536.jpg 768w, http:\/\/www.mamasenudila.cz\/wp-content\/uploads\/2022\/07\/1b_basic_map_w_-countries.jpg 1000w\" sizes=\"(max-width: 512px) 100vw, 512px\" \/><\/a><figcaption><em>Mapu som si po\u017ei\u010dal odtia\u013eto: https:\/\/palestinett.org\/maps\/<\/em><\/figcaption><\/figure>\n\n\n\n<p>Ak niekoho t\u00e9matika Izraela a Palest\u00edny zauj\u00edma, ur\u010dite by som siahol po knihe <a rel=\"noreferrer noopener\" href=\"https:\/\/www.databazeknih.cz\/knihy\/izrael-a-palestina-9411\" target=\"_blank\">Izrael a Palest<\/a><a rel=\"noreferrer noopener\" href=\"https:\/\/www.databazeknih.cz\/knihy\/izrael-a-palestina-9411\" target=\"_blank\">i<\/a><a rel=\"noreferrer noopener\" href=\"https:\/\/www.databazeknih.cz\/knihy\/izrael-a-palestina-9411\" target=\"_blank\">na<\/a> od Marka \u010cejky (mo\u017eno vobec naju\u017eito\u010dnej\u0161ia kniha, \u010do som kedy k\u00fapil &#8211; m\u00e1m ju u\u017e 15 rokov a st\u00e1le sa k nej ob\u010das vraciam ak si potrebujem osvie\u017ei\u0165 nie\u010do t\u00fdkaj\u00face sa tejto problematiky), pr\u00edpadne sa pozrel na <a rel=\"noreferrer noopener\" href=\"http:\/\/blizky-vychod.blogspot.com\/\" target=\"_blank\">jeho blog<\/a>.<\/p>\n\n\n\n<p><\/p>\n","protected":false},"excerpt":{"rendered":"<p>E\u0161te pred Vianocami som si k\u00fapil skvel\u00e9 \u010fatle a tak som sa pozrel na obal, odkia\u013e\u017ee poch\u00e1dzaj\u00fa:<\/p>\n","protected":false},"author":1,"featured_media":0,"comment_status":"closed","ping_status":"closed","sticky":false,"template":"","format":"standard","meta":[],"categories":[1],"tags":[],"_links":{"self":[{"href":"http:\/\/www.mamasenudila.cz\/index.php\/wp-json\/wp\/v2\/posts\/241"}],"collection":[{"href":"http:\/\/www.mamasenudila.cz\/index.php\/wp-json\/wp\/v2\/posts"}],"about":[{"href":"http:\/\/www.mamasenudila.cz\/index.php\/wp-json\/wp\/v2\/types\/post"}],"author":[{"embeddable":true,"href":"http:\/\/www.mamasenudila.cz\/index.php\/wp-json\/wp\/v2\/users\/1"}],"replies":[{"embeddable":true,"href":"http:\/\/www.mamasenudila.cz\/index.php\/wp-json\/wp\/v2\/comments?post=241"}],"version-history":[{"count":5,"href":"http:\/\/www.mamasenudila.cz\/index.php\/wp-json\/wp\/v2\/posts\/241\/revisions"}],"predecessor-version":[{"id":250,"href":"http:\/\/www.mamasenudila.cz\/index.php\/wp-json\/wp\/v2\/posts\/241\/revisions\/250"}],"wp:attachment":[{"href":"http:\/\/www.mamasenudila.cz\/index.php\/wp-json\/wp\/v2\/media?parent=241"}],"wp:term":[{"taxonomy":"category","embeddable":true,"href":"http:\/\/www.mamasenudila.cz\/index.php\/wp-json\/wp\/v2\/categories?post=241"},{"taxonomy":"post_tag","embeddable":true,"href":"http:\/\/www.mamasenudila.cz\/index.php\/wp-json\/wp\/v2\/tags?post=241"}],"curies":[{"name":"wp","href":"https:\/\/api.w.org\/{rel}","templated":true}]}}