{"id":192,"date":"2020-03-29T19:20:52","date_gmt":"2020-03-29T17:20:52","guid":{"rendered":"http:\/\/www.mamasenudila.cz\/?p=192"},"modified":"2020-03-29T19:35:45","modified_gmt":"2020-03-29T17:35:45","slug":"trojhranicie-at-cz-sk-velke-bilovice-a-kraj-andre","status":"publish","type":"post","link":"http:\/\/www.mamasenudila.cz\/index.php\/2020\/03\/29\/trojhranicie-at-cz-sk-velke-bilovice-a-kraj-andre\/","title":{"rendered":"Trojhrani\u010die (AT\/CZ\/SK), Velk\u00e9 B\u00edlovice a kraj Andr\u00e9"},"content":{"rendered":"\n<p>V\u010dera som vzal bicykel do vlaku a odviezol som sa do B\u0159eclavi, kde som sa vydal po cyklotrase \u010d. 4 a\u017e k s\u00fatoku Moravy a Dyje, pozrie\u0165 sa na trojhrani\u010die Slovenska, Rak\u00faska a \u010ceska. Bol to celkom fajn v\u00fdlet.<\/p>\n\n\n<p><!--more Pokra\u010dova\u0165 na \u010dl\u00e1nok--><\/p>\n\n\n<figure class=\"wp-block-image\"><a href=\"http:\/\/www.mamasenudila.cz\/wp-content\/uploads\/2020\/03\/DSC_1855.jpg\"><img loading=\"lazy\" width=\"1024\" height=\"576\" src=\"http:\/\/www.mamasenudila.cz\/wp-content\/uploads\/2020\/03\/DSC_1855-1024x576.jpg\" alt=\"\" class=\"wp-image-193\"\/><\/a><figcaption>Cesta zar\u00faban\u00e1. Som presko\u010dil. Toto bol posledn\u00fd \u00fasek cesty k s\u00fatoku<\/figcaption><\/figure>\n\n\n\n<figure class=\"wp-block-image\"><a href=\"http:\/\/www.mamasenudila.cz\/wp-content\/uploads\/2020\/03\/DSC_1849.jpg\"><img loading=\"lazy\" width=\"1024\" height=\"576\" src=\"http:\/\/www.mamasenudila.cz\/wp-content\/uploads\/2020\/03\/DSC_1849-1024x576.jpg\" alt=\"\" class=\"wp-image-194\"\/><\/a><figcaption>Hrani\u010dn\u00fd kame\u0148 Markrabstv\u00ed moravsk\u00e9ho z roku 1773.<\/figcaption><\/figure>\n\n\n\n<figure class=\"wp-block-image\"><a href=\"http:\/\/www.mamasenudila.cz\/wp-content\/uploads\/2020\/03\/DSC_1854.jpg\"><img loading=\"lazy\" width=\"1024\" height=\"576\" src=\"http:\/\/www.mamasenudila.cz\/wp-content\/uploads\/2020\/03\/DSC_1854-1024x576.jpg\" alt=\"\" class=\"wp-image-195\"\/><\/a><figcaption>Informa\u010dn\u00e1 tabu\u013ea. Hoci to tu nie je vidno, zi\u0161lo sa n\u00e1s na s\u00fatoku celkom dos\u0165. A nemali sme r\u00fa\u0161ka \ud83d\ude1b<\/figcaption><\/figure>\n\n\n\n<figure class=\"wp-block-image\"><a href=\"http:\/\/www.mamasenudila.cz\/wp-content\/uploads\/2020\/03\/DSC_1851.jpg\"><img loading=\"lazy\" width=\"1024\" height=\"576\" src=\"http:\/\/www.mamasenudila.cz\/wp-content\/uploads\/2020\/03\/DSC_1851-1024x576.jpg\" alt=\"\" class=\"wp-image-196\"\/><\/a><figcaption>Z\u013eava vtek\u00e1 Morava, zprava Dyje. V\u013eavo Slovensko, vpravo Rak\u00fasko.<\/figcaption><\/figure>\n\n\n\n<p>Odtia\u013e som sa vr\u00e1til na cyklotrasu \u010d. 4, po ktorej som pokra\u010doval popri Morave a dalo sa do toho pekne \u0161liapn\u00fa\u0165. A\u017e som dorazil k dia\u013enici a hrani\u010dn\u00e9mu priechodu cez most medzi Lan\u017ehotom a Brodsk\u00fdm. To bolo zauj\u00edmav\u00e9.<\/p>\n\n\n\n<figure class=\"wp-block-image\"><a href=\"http:\/\/www.mamasenudila.cz\/wp-content\/uploads\/2020\/03\/DSC_1857.jpg\"><img loading=\"lazy\" width=\"1024\" height=\"576\" src=\"http:\/\/www.mamasenudila.cz\/wp-content\/uploads\/2020\/03\/DSC_1857-1024x576.jpg\" alt=\"\" class=\"wp-image-197\"\/><\/a><figcaption>V\u00fdh\u013ead na x-kilometrov\u00fd rad kami\u00f3nov z cyklotrasy \u010d. 4. Prakticky sa nepohli za cca pol hodinu, \u010do som tam str\u00e1vil.<\/figcaption><\/figure>\n\n\n\n<figure class=\"wp-block-image\"><a href=\"http:\/\/www.mamasenudila.cz\/wp-content\/uploads\/2020\/03\/DSC_1858.jpg\"><img loading=\"lazy\" width=\"1024\" height=\"576\" src=\"http:\/\/www.mamasenudila.cz\/wp-content\/uploads\/2020\/03\/DSC_1858-1024x576.jpg\" alt=\"\" class=\"wp-image-198\"\/><\/a><figcaption>\u010eia\u013eni\u010dn\u00fd most zospodu je celkom zauj\u00edmav\u00fd.<\/figcaption><\/figure>\n\n\n\n<figure class=\"wp-block-image\"><a href=\"http:\/\/www.mamasenudila.cz\/wp-content\/uploads\/2020\/03\/DSC_1859.jpg\"><img loading=\"lazy\" width=\"1024\" height=\"576\" src=\"http:\/\/www.mamasenudila.cz\/wp-content\/uploads\/2020\/03\/DSC_1859-1024x576.jpg\" alt=\"\" class=\"wp-image-199\"\/><\/a><figcaption>Aj druh\u00e1 strana zaujala.<\/figcaption><\/figure>\n\n\n\n<figure class=\"wp-block-image\"><a href=\"http:\/\/www.mamasenudila.cz\/wp-content\/uploads\/2020\/03\/DSC_1865.jpg\"><img loading=\"lazy\" width=\"1024\" height=\"576\" src=\"http:\/\/www.mamasenudila.cz\/wp-content\/uploads\/2020\/03\/DSC_1865-1024x576.jpg\" alt=\"\" class=\"wp-image-200\"\/><\/a><figcaption>Hrani\u010dn\u00fd most medzi Lan\u017ehotom a Brodsk\u00fdm. Cesta s\u00edce zablokovan\u00e1, ale nikto to tam nekontroloval, a tak ob\u010das niekto hranice pre\u0161iel pe\u0161i, \u010di bicyklom.<\/figcaption><\/figure>\n\n\n\n<p>\u010ealej som pokra\u010doval po cyklotrase \u010d. 44 do Lan\u017ehotu, kde som odbo\u010dil na cyklotrasu \u010d. 43 smer Kostice a po tej som \u0161iel a\u017e do Moravskej Novej Vsi, kde som odbo\u010dil na Pru\u0161\u00e1nky, kde som zav\u00e1hal, \u010di sa nez\u00e1js\u0165 pozrie\u0165 na vinn\u00e9 sklepy Nechory, ale nakoniec som sa rozhodol ob\u010dertvi\u0165 u miestnych Vietnamcov, k \u010domu ma motivovalo aj to, \u017ee na parkovisku pred obchodom u\u017e som videl zn\u00e1me tv\u00e1re dvoch star\u00fdch zn\u00e1mych toho d\u0148a, ktor\u00fdch som stretol u\u017e na s\u00fatoku aj na hrani\u010dnom moste. Z Pru\u0161\u00e1niek som pokra\u010doval po cyklotrase bez \u010d\u00edsla do Moravsk\u00e9ho \u017di\u017ekova (kde vyr\u00e1ba v\u00edna Nestarec) a Velk\u00fdch B\u00edlov\u00edc (kde zase s\u00eddli Osi\u010dka), kde to za\u010dalo by\u0165 opa\u0165 zauj\u00edmav\u00e9. V B\u00edlovic\u00edch som toti\u017e \u0161iel cyklotrasou \u010d. 412 do Vrbic (obec Vrbice; po \u010desky to je asi &#8220;ta Vrbice&#8221;, tak\u017ee spr\u00e1vne by asi malo by\u0165 nap\u00edsan\u00e9 &#8220;do Vrbice&#8221;, ale whatever), ktor\u00e1 je s\u00fa\u010dasne aj Na\u00fa\u010dnou trasou &#8220;Mezi vinicemi ve Velk\u00fdch B\u00edlovic\u00edch&#8221; a bolo to tam pekn\u00e9.<\/p>\n\n\n\n<figure class=\"wp-block-image\"><a href=\"http:\/\/www.mamasenudila.cz\/wp-content\/uploads\/2020\/03\/DSC_1866.jpg\"><img loading=\"lazy\" width=\"1024\" height=\"576\" src=\"http:\/\/www.mamasenudila.cz\/wp-content\/uploads\/2020\/03\/DSC_1866-1024x576.jpg\" alt=\"\" class=\"wp-image-201\"\/><\/a><figcaption>V\u0161ade sam\u00e9 vinohrady a v dia\u013eke na kopci dedinka Vrbice (kdevyr\u00e1ba v\u00edno Hor\u00e1k, ktor\u00e9ho Hibernal tak pred tromi rokmi dos\u0165 zabodoval na nejakej lep\u0161ej s\u00fa\u0165a\u017ei).<\/figcaption><\/figure>\n\n\n\n<p>Z cyklotrasy bola odbo\u010dka na vyhliadku Hradi\u0161t\u011bk, kde je aj kaplnka nejak\u00fdch svat\u00fdch. A je tam fakt pekn\u00fd v\u00fdh\u013ead na v\u0161etky strany.<\/p>\n\n\n\n<figure class=\"wp-block-image\"><a href=\"http:\/\/www.mamasenudila.cz\/wp-content\/uploads\/2020\/03\/DSC_1869.jpg\"><img loading=\"lazy\" width=\"1024\" height=\"576\" src=\"http:\/\/www.mamasenudila.cz\/wp-content\/uploads\/2020\/03\/DSC_1869-1024x576.jpg\" alt=\"\" class=\"wp-image-202\"\/><\/a><figcaption>Kaplnku som neodfotil, ale odfotil som vyhliadku z kaplnky, kde je vidie\u0165 Velk\u00e9 B\u00edlovice a mnoho in\u00fdch vec\u00ed. Na\u017eivo je to samozrejme lep\u0161ie.<\/figcaption><\/figure>\n\n\n\n<figure class=\"wp-block-image\"><a href=\"http:\/\/www.mamasenudila.cz\/wp-content\/uploads\/2020\/03\/DSC_1870.jpg\"><img loading=\"lazy\" width=\"1024\" height=\"576\" src=\"http:\/\/www.mamasenudila.cz\/wp-content\/uploads\/2020\/03\/DSC_1870-1024x576.jpg\" alt=\"\" class=\"wp-image-203\"\/><\/a><figcaption>V\u00fdh\u013ead smer P\u00e1lava. Ale vobec ju nie je vidie\u0165. Ani som sem t\u00fato fotku nechcel d\u00e1va\u0165, lebo je hrozn\u00e1, ale tak nakoniec tu je.<\/figcaption><\/figure>\n\n\n\n<p>Potom som u\u017e v podstate nefotil. Z Vrbice som chcel povodne \u00eds\u0165 do Bo\u0159et\u00edc a odtia\u013e na Krav\u00ed horu (nie t\u00fa brnensk\u00fa), \u010falej do N\u011bm\u010di\u010diek a po modrohorskej (modr\u00e9 hory = dar\u00ed sa tam \u010derven\u00e9mu v\u00ednu) cyklotrase do Ve\u013ek\u00fdch Pavlov\u00edc. Ale ke\u010f\u017ee ma nejako bolela hlava a bolo pol piatej (o piatej ide zo Zaje\u010d\u00ed do Brna r\u00fdchlik, o \u0161iestej iba osob\u00e1k) rozhodol som sa to nepreh\u00e1\u0148a\u0165 to, necha\u0165 si krav\u00ed horu, kraj Andr\u00e9 a modrohorsk\u00fa cyklotrasu na inokedy a v Bo\u0159etic\u00edch som to sto\u010dil rovno na Velk\u00e9 Pavlovice, kde som sadol na osob\u00e1k do Zaje\u010d\u00ed a odtia\u013e u\u017e r\u00fdchlikom do Brna, kde som stretol \u010fal\u0161\u00edch sympatick\u00fdch \u013eud\u00ed. Asi by som to stihol na biku a\u017e do Zaje\u010d\u00ed, ale moj orienta\u010dn\u00fd zmysel ob\u010das zlyh\u00e1va, a tak som sa rozhodol \u00eds\u0165 na istotu do Velk\u00fdch Pavlovic na osob\u00e1k.<\/p>\n","protected":false},"excerpt":{"rendered":"<p>V\u010dera som vzal bicykel do vlaku a odviezol som sa do B\u0159eclavi, kde som sa vydal po cyklotrase \u010d. 4 a\u017e k s\u00fatoku Moravy a Dyje, pozrie\u0165 sa na trojhrani\u010die Slovenska, Rak\u00faska a \u010ceska. Bol to celkom fajn v\u00fdlet.<\/p>\n","protected":false},"author":1,"featured_media":0,"comment_status":"closed","ping_status":"closed","sticky":false,"template":"","format":"standard","meta":[],"categories":[18],"tags":[],"_links":{"self":[{"href":"http:\/\/www.mamasenudila.cz\/index.php\/wp-json\/wp\/v2\/posts\/192"}],"collection":[{"href":"http:\/\/www.mamasenudila.cz\/index.php\/wp-json\/wp\/v2\/posts"}],"about":[{"href":"http:\/\/www.mamasenudila.cz\/index.php\/wp-json\/wp\/v2\/types\/post"}],"author":[{"embeddable":true,"href":"http:\/\/www.mamasenudila.cz\/index.php\/wp-json\/wp\/v2\/users\/1"}],"replies":[{"embeddable":true,"href":"http:\/\/www.mamasenudila.cz\/index.php\/wp-json\/wp\/v2\/comments?post=192"}],"version-history":[{"count":4,"href":"http:\/\/www.mamasenudila.cz\/index.php\/wp-json\/wp\/v2\/posts\/192\/revisions"}],"predecessor-version":[{"id":208,"href":"http:\/\/www.mamasenudila.cz\/index.php\/wp-json\/wp\/v2\/posts\/192\/revisions\/208"}],"wp:attachment":[{"href":"http:\/\/www.mamasenudila.cz\/index.php\/wp-json\/wp\/v2\/media?parent=192"}],"wp:term":[{"taxonomy":"category","embeddable":true,"href":"http:\/\/www.mamasenudila.cz\/index.php\/wp-json\/wp\/v2\/categories?post=192"},{"taxonomy":"post_tag","embeddable":true,"href":"http:\/\/www.mamasenudila.cz\/index.php\/wp-json\/wp\/v2\/tags?post=192"}],"curies":[{"name":"wp","href":"https:\/\/api.w.org\/{rel}","templated":true}]}}